{"id":55,"date":"2011-01-04T15:06:15","date_gmt":"2011-01-04T15:06:15","guid":{"rendered":"http:\/\/writers.hmkw.de\/?p=55"},"modified":"2011-12-22T08:04:29","modified_gmt":"2011-12-22T08:04:29","slug":"55","status":"publish","type":"post","link":"http:\/\/blogs.hmkw.de\/HierMagKritisiertWerden\/?p=55","title":{"rendered":""},"content":{"rendered":"<p>1.\u00a0\u00a0\u00a0 \u201eThe sun always shines on TV\u201c, hie\u00df es bei den Pop-Norwegern von \u201eAha&#8220; schon vor 25 Jahren. Und heute: Das Fernsehen ist doch wieder auf dem stark steigenden Ast, zumindest quantitativ. Noch nie hat \u201emedia control\u201c seit 1992 h\u00f6here Werte gemessen und vermarktet als 2010. Jeder Deutsche ab drei Jahren hat demzufolge eine t\u00e4gliche Verweildauer vor der \u201eGlotze\u201c von 223 Minuten &#8211; das sind elf mehr als 2009. Dabei f\u00fchren Sachsen-Anhalt (276) und Th\u00fcringen (274), w\u00e4hrend Bayern und Hessen hinten liegen (je 199 Minuten pro Nase). Die st\u00e4rksten Zuw\u00e4chse gab es bei den jungen Mittelalten (30-39 Jahre), um 15 auf 217 Minuten. Am meisten schauen aber weiterhin die \u00fcber 50-J\u00e4hrigen, n\u00e4mlich 290 Minuten. So oder so d\u00fcrfte das Fernsehen als Massenmedium nicht so schnell aussterben. (Quelle: kressdienst vom 4.1.2011)<br \/>\n2.\u00a0\u00a0\u00a0 Auch die TV-Nachrichten nicht, wenn es denn \u201eNachrichten\u201c sind: &#8222;RTL aktuell&#8220; war im vergangenen Jahr die beliebteste Nachrichtensendung bei den jungen Zuschauern (14- 49-Jahre). Die um 18.45 Uhr beginnenden RTL-Hauptnews erreichten im Schnitt 1,53 Mio Gucker und damit einen Marktanteil von 19,9%. Die &#8222;Tagesschau&#8220; im Ersten kam bei der begehrtesten Zielgruppe 2010 auf 1,26 Mio Zuschauer und einen Marktanteil von 12,0%. Rang 3 in der Jahreswertung bei der jungen Zielgruppe belegten die Sat.1-Nachrichen (0,82 Mio.; MA: 8,0%). Beim Gesamtpublikum bleibt freilich die &#8222;Tagesschau&#8220; meistgesehene Hauptnachrichtensendung, mit durchschnittlich 5,34 Mio Zuschauern (MA: 18,9 %). RTL konnte sich 2010 mit den von Chefredakteur Peter Kloeppel moderierten Hauptnachrichten gegen die ZDF-Nachrichtensendung &#8222;heute&#8220; durchsetzen: &#8222;RTL Aktuell&#8220; sahen durchschnittlich 3,91 Mio Zuschauer (Marktanteil: 18,2%), &#8222;heute&#8220; schalteten durchschnittlich 3,75 Mio (MA: 16,6%) ein. (Quelle:\u201c<a title=\"Opens external link in new window\" href=\"http:\/\/kress.de\/tagesdienst\/detail\/beitrag\/108068-nachrichten-jahrescharts-die-jungen-gucken-kloeppels-rtl-aktuell.html\" target=\"_blank\">http:\/\/kress.de\/tagesdienst\/detail\/beitrag\/108068-nachrichten-jahrescharts-die-jungen-gucken-kloeppels-rtl-aktuell.html<\/a>\u201c).<br \/>\n3.\u00a0\u00a0\u00a0 Zum Kaleidoskop (Sprachkritik): Hier mein Mail-Wechsel mit der Redaktion der Tagesschau in Hamburg zum Thema \u201eWer kann was entschuldigen?\u201c vom 21.12. Wir hatten in der Reuters-Redaktion auch gerade dar\u00fcber diskutiert \u2013 Thema war die journalistische Vermittlung des Verhaltens der Bahn-Spitze:<\/p>\n<p>Liebe Kollegen, da wir es hier in der Redaktion auch gerade besprachen: \u2028Die Bahnspitze KANN sich nicht entschuldigen. Es liegt auf Seiten der Kunden, das Verhalten der Bahn zu entschuldigen \u2013 oder eben auch nicht. \u2028\u00a0 \u2028Die Bahnspitze kann und sollte \u2013 und das sagen die Kollegen ja mittlerweile auch per Zugfunk \u2013 um Entschuldigung bitten. \u2028Was meinen Sie? \u2028Mit freundlichen Gr\u00fc\u00dfen: \u2028Sebastian K\u00f6hler \u2028Producer, GERMANY<\/p>\n<p>Die Antwort der Tagesschau-Redaktion kam postwendend:<br \/>\nSehr geehrter Herr K\u00f6hler, \u2028\u2028vielen Dank f\u00fcr den Hinweis. Wir werden den Fehler sofort beheben. \u2028\u2028Wir w\u00fcnschen Ihnen sch\u00f6ne Feiertage! \u2028\u2028Mit freundlichen Gr\u00fc\u00dfen \u2028Britta Reinke \u2028Redaktion tagesschau.de<\/p>\n<p>Geht doch \u2013 wenn wir alle lernf\u00e4hig bleiben.<\/p>\n<p>In diesem Sinne ein gutes Jahr 2011! Bleiben wir dran!<\/p>\n<div id=\"c320\">\n<p>zur\u00fcck zum <a title=\"Opens internal link in current window\" href=\"http:\/\/www.hmkw.de\/watch-blog-von-prof-dr-sebastian-koehler\/\">Watch-Blog<\/a><\/p>\n<\/div>\n","protected":false},"excerpt":{"rendered":"<p>1.\u00a0\u00a0\u00a0 \u201eThe sun always shines on TV\u201c, hie\u00df es bei den Pop-Norwegern von \u201eAha&#8220; schon vor 25 Jahren. Und heute: Das Fernsehen ist doch wieder auf dem stark steigenden Ast, zumindest quantitativ. Noch nie hat \u201emedia control\u201c seit 1992 h\u00f6here &hellip; <a href=\"http:\/\/blogs.hmkw.de\/HierMagKritisiertWerden\/?p=55\">Weiterlesen <span class=\"meta-nav\">&rarr;<\/span><\/a><\/p>\n","protected":false},"author":2,"featured_media":0,"comment_status":"open","ping_status":"open","sticky":false,"template":"","format":"standard","meta":[],"categories":[1],"tags":[],"_links":{"self":[{"href":"http:\/\/blogs.hmkw.de\/HierMagKritisiertWerden\/index.php?rest_route=\/wp\/v2\/posts\/55"}],"collection":[{"href":"http:\/\/blogs.hmkw.de\/HierMagKritisiertWerden\/index.php?rest_route=\/wp\/v2\/posts"}],"about":[{"href":"http:\/\/blogs.hmkw.de\/HierMagKritisiertWerden\/index.php?rest_route=\/wp\/v2\/types\/post"}],"author":[{"embeddable":true,"href":"http:\/\/blogs.hmkw.de\/HierMagKritisiertWerden\/index.php?rest_route=\/wp\/v2\/users\/2"}],"replies":[{"embeddable":true,"href":"http:\/\/blogs.hmkw.de\/HierMagKritisiertWerden\/index.php?rest_route=%2Fwp%2Fv2%2Fcomments&post=55"}],"version-history":[{"count":2,"href":"http:\/\/blogs.hmkw.de\/HierMagKritisiertWerden\/index.php?rest_route=\/wp\/v2\/posts\/55\/revisions"}],"predecessor-version":[{"id":117,"href":"http:\/\/blogs.hmkw.de\/HierMagKritisiertWerden\/index.php?rest_route=\/wp\/v2\/posts\/55\/revisions\/117"}],"wp:attachment":[{"href":"http:\/\/blogs.hmkw.de\/HierMagKritisiertWerden\/index.php?rest_route=%2Fwp%2Fv2%2Fmedia&parent=55"}],"wp:term":[{"taxonomy":"category","embeddable":true,"href":"http:\/\/blogs.hmkw.de\/HierMagKritisiertWerden\/index.php?rest_route=%2Fwp%2Fv2%2Fcategories&post=55"},{"taxonomy":"post_tag","embeddable":true,"href":"http:\/\/blogs.hmkw.de\/HierMagKritisiertWerden\/index.php?rest_route=%2Fwp%2Fv2%2Ftags&post=55"}],"curies":[{"name":"wp","href":"https:\/\/api.w.org\/{rel}","templated":true}]}}