{"id":229,"date":"2013-01-09T12:23:24","date_gmt":"2013-01-09T11:23:24","guid":{"rendered":"http:\/\/blogs.hmkw.de\/HierMagKritisiertWerden\/?p=229"},"modified":"2013-01-09T12:34:46","modified_gmt":"2013-01-09T11:34:46","slug":"totgesagte-leben-langer-aus-welchem-grund","status":"publish","type":"post","link":"http:\/\/blogs.hmkw.de\/HierMagKritisiertWerden\/?p=229","title":{"rendered":"Totgesagte leben l\u00e4nger \u2013 aus welchem Grund?"},"content":{"rendered":"<p>Von Sebastian K\u00f6hler<\/p>\n<p>1.) Zu \u201eaktuell\u201c k\u00f6nnen Journalisten last but not least werden, wenn sie vorbereitete Nachrufe vor der Zeit ver\u00f6ffentlichen. Kaum zu \u00fcbertreffen der Klassiker dieses Genres, als im Jahre 2007 kein geringerer als der Bayerische Rundfunk einen Nachruf auf den seinerzeit nicht nur lebenden, sondern auch noch als Landesvater amtierenden Edmund Stoiber sendete. Kurz vor dem Jahreswechsel brachte Spiegel Online diese \u00e4u\u00dferst aufmerksamkeits-wirksame Darstellungsform wieder in Erinnerung: Nicht auf der Homepage, aber \u00fcber hyperaktive Kan\u00e4le wie Twitter und RSS machte die \u201eNachricht\u201c die Runde, dass George Bush senior (US-Pr\u00e4sident von 1989 bis 1993) gestorben w\u00e4re (http:\/\/kress.de\/mail\/alle\/detail\/beitrag\/119462-chefredakteur-ditz-entschuldigt-sich-spon-bringt-versehentlich-nachruf-auf-bush-senior.html, Aufruf am 9.1.2013, 11.52 Uhr). Spon-Chefredakteur R\u00fcdiger Ditz bat um Entschuldigung, und zumindest die alte angels\u00e4chsische Journalisten-Weisheit scheint lebendiger denn je: \u201eGet it first, but first get it right!\u201c Auch ihre kleine Schwester \u201eIf in doubt, leave it out!\u201c ist ganz klar eine Un-Tote, da wir uns fragen (lassen) m\u00fcssen, inwiefern Technisierung und \u00d6konomisierung sich mittlerweile soweit verselbst\u00e4ndigt haben, dass f\u00fcr ein Redigieren im guten alten Sinne kaum noch Zeit zu bleiben scheint \u2013 zumindest in diesem Leben.<br \/>\n2.) Die Meinungsforscherin Renate K\u00f6cher ist seit dem Tod von Elisabeth Noelle-Neumann 2010 alleinige Gesch\u00e4ftsf\u00fchrerin des (konservativ ausgerichteten) Instituts f\u00fcr Demoskopie Allensbach. Sie meint aktuell nicht nur, dass Zeitungen untersch\u00e4tzt w\u00fcrden, sondern bietet erkl\u00e4rungskr\u00e4ftige Thesen zum Wandel von Aufmerksamkeit (als dem symbolisch-generalisierten Medium im sozialen Subsystem \u00d6ffentlichkeit): Das Internet verst\u00e4rke die klare Selektion entlang nutzer-eigener Interessen. Das Interessenspektrum der nach 1982 Geborenen sei deutlich enger als das fr\u00fcher Geborener. Sowohl Ursache als auch Wirkung der verst\u00e4rkten Internet-Nutzung (im Gegensatz z.B. zur Zeitungsnutzung ) sei, das gerade junge Nutzer in ihren Interessen \u201ewesentlich fokussierter\u201c seien als andere\/fr\u00fchere Nutzer und sich dabei auf weniger Themen beschr\u00e4nkten \u2013 diesen daf\u00fcr aber relativ aktiv viel Zeit und Aufmerksamkeit widmeten (vgl. BLZ 2.1.2013, S.25). Problematischer wird damit, dass privat-relevante Themen immer mehr Interesse finden, w\u00e4hrend es \u00f6ffentlich-relevante Themen (Politik, Wirtschaft, Grundrechtsfragen, Wissenschaft, Umwelt) im j\u00fcngeren Mainstream immer schwerer zu haben scheinen. Das verlangt nach gesellschaftlicher Aufmerksamkeit!<br \/>\n3.) Zum sprachkritischen Kaleidoskop: In den ZDF-Morgenmagazin-Nachrichten war am 7.1. zu h\u00f6ren, Grund f\u00fcr Ausschreitungen von pro-britischen Demonstranten in Belfast sei ein Beschluss des Stadtrates, die britische Fahne nur noch an ausgew\u00e4hlten Tagen zu hissen. Anlass f\u00fcr mich, den Unterschieden zwischen Grund und Anlass kurz auf den Grund zu gehen: Dabei handelt es sich um Fragen der Kausalit\u00e4t, also um Annahmen \u00fcber etwaige Ursache-Wirkung-Beziehungen. Das sprachliche Feld ist auch hier umstritten und in Bewegung, aber klar scheint mir, dass zum Beispiel sozio\u00f6konomische Ursache (oder Grund) des Beginns des Zweiten Weltkrieges eine neue Phase des Strebens des Nazi-Regimes nach Eroberungen und Weltmacht war. Als mehr oder weniger zuf\u00e4lliger (oder auch erst geschaffener) Ausl\u00f6ser oder Anlass hingegen diente der angebliche \u00dcberfall polnischer Freisch\u00e4rler auf den deutschen Sender Gleiwitz durch maskierte SS-Angeh\u00f6rige \u2013 als Vorwand.<br \/>\nMit aktuellem Blick auf Belfast d\u00fcrfte der umstrittene Flaggenbeschluss des Stadtparlamentes also viel eher ein Anlass f\u00fcr die Ausschreitungen sein denn ein urs\u00e4chlicher Grund: Dieser w\u00e4re gewiss auch hier weit mehr in (ver\u00e4nderten) sozio\u00f6konomischen Verh\u00e4ltnissen zu suchen (allgemeine Krise in Gro\u00dfbritannien, Verlust einstiger Privilegien f\u00fcr den pro-britischen Bev\u00f6lkerungsteil Nordirlands, Angst vor etwaiger Vereinigung mit Irland etc.). Anl\u00e4sse finden sich leicht, Gr\u00fcnde schwerer.<\/p>\n","protected":false},"excerpt":{"rendered":"<p>Von Sebastian K\u00f6hler 1.) Zu \u201eaktuell\u201c k\u00f6nnen Journalisten last but not least werden, wenn sie vorbereitete Nachrufe vor der Zeit ver\u00f6ffentlichen. Kaum zu \u00fcbertreffen der Klassiker dieses Genres, als im Jahre 2007 kein geringerer als der Bayerische Rundfunk einen Nachruf &hellip; <a href=\"http:\/\/blogs.hmkw.de\/HierMagKritisiertWerden\/?p=229\">Weiterlesen <span class=\"meta-nav\">&rarr;<\/span><\/a><\/p>\n","protected":false},"author":2,"featured_media":0,"comment_status":"open","ping_status":"open","sticky":false,"template":"","format":"standard","meta":[],"categories":[1],"tags":[74,6,73,12,75,76,32],"_links":{"self":[{"href":"http:\/\/blogs.hmkw.de\/HierMagKritisiertWerden\/index.php?rest_route=\/wp\/v2\/posts\/229"}],"collection":[{"href":"http:\/\/blogs.hmkw.de\/HierMagKritisiertWerden\/index.php?rest_route=\/wp\/v2\/posts"}],"about":[{"href":"http:\/\/blogs.hmkw.de\/HierMagKritisiertWerden\/index.php?rest_route=\/wp\/v2\/types\/post"}],"author":[{"embeddable":true,"href":"http:\/\/blogs.hmkw.de\/HierMagKritisiertWerden\/index.php?rest_route=\/wp\/v2\/users\/2"}],"replies":[{"embeddable":true,"href":"http:\/\/blogs.hmkw.de\/HierMagKritisiertWerden\/index.php?rest_route=%2Fwp%2Fv2%2Fcomments&post=229"}],"version-history":[{"count":2,"href":"http:\/\/blogs.hmkw.de\/HierMagKritisiertWerden\/index.php?rest_route=\/wp\/v2\/posts\/229\/revisions"}],"predecessor-version":[{"id":232,"href":"http:\/\/blogs.hmkw.de\/HierMagKritisiertWerden\/index.php?rest_route=\/wp\/v2\/posts\/229\/revisions\/232"}],"wp:attachment":[{"href":"http:\/\/blogs.hmkw.de\/HierMagKritisiertWerden\/index.php?rest_route=%2Fwp%2Fv2%2Fmedia&parent=229"}],"wp:term":[{"taxonomy":"category","embeddable":true,"href":"http:\/\/blogs.hmkw.de\/HierMagKritisiertWerden\/index.php?rest_route=%2Fwp%2Fv2%2Fcategories&post=229"},{"taxonomy":"post_tag","embeddable":true,"href":"http:\/\/blogs.hmkw.de\/HierMagKritisiertWerden\/index.php?rest_route=%2Fwp%2Fv2%2Ftags&post=229"}],"curies":[{"name":"wp","href":"https:\/\/api.w.org\/{rel}","templated":true}]}}